{"id":983,"date":"2014-09-04T12:16:46","date_gmt":"2014-09-04T10:16:46","guid":{"rendered":"http:\/\/art-at-work.org\/?p=983"},"modified":"2014-09-04T12:48:07","modified_gmt":"2014-09-04T10:48:07","slug":"green-graffiti-kulturrucksack-2014","status":"publish","type":"post","link":"https:\/\/art-at-work.org\/en\/green-graffiti-kulturrucksack-2014\/","title":{"rendered":"GREEN GRAFFITI &#8211; Kulturrucksack 2014"},"content":{"rendered":"<p class=\"qtranxs-available-languages-message qtranxs-available-languages-message-en\">Sorry, this entry is only available in <a href=\"https:\/\/art-at-work.org\/de\/wp-json\/wp\/v2\/posts\/983\" class=\"qtranxs-available-language-link qtranxs-available-language-link-de\" title=\"Deutsch\">German<\/a>.<\/p><p><\/p>\n<p style=\"margin-bottom: 0cm; text-decoration: none;\" align=\"CENTER\"><span style=\"color: #00ae00;\"><span style=\"font-family: Helvetica,sans-serif;\"><span style=\"font-size: x-large;\"><b>GREEN GRAFFITI<\/b><\/span><\/span><\/span><\/p>\n<p style=\"margin-bottom: 0cm; text-decoration: none;\" align=\"CENTER\"><span style=\"color: #000000;\"><span style=\"font-family: Helvetica,sans-serif;\"><span style=\"font-size: medium;\">ART at WORK in Kooperation mit freiraum237 \u2013 KWT 2014<\/span><\/span><\/span><\/p>\n<p>&nbsp;<\/p>\n<p style=\"text-align: center;\">11.+12.9. und 18.+19.9.2014<\/p>\n<p>&nbsp;<\/p>\n<p style=\"margin-bottom: 0cm; text-decoration: none;\"><span style=\"color: #000000;\"><span style=\"font-family: Helvetica,sans-serif;\"><span style=\"font-size: medium;\">Eine komplette Schulklasse von ca. 30 Sch\u00fclerInnen kann teilnehmen. Aufgeteilt in 3 Gruppen, werden alle Aktionen sowohl parallel als auch wiederholt durchgef\u00fchrt, so dass jede Gruppe bei Teil 1-3 mitgemacht hat. <\/span><\/span><\/span><\/p>\n<p>&nbsp;<\/p>\n<p style=\"margin-bottom: 0cm; text-decoration: none;\"><span style=\"color: #000000;\"><span style=\"font-family: Helvetica,sans-serif;\"><span style=\"font-size: medium;\">Kreativit\u00e4t, freiraum-feeling, Teamgeist und fr\u00f6hliches und entspanntes Arbeiten, ein respektvoller Umgang miteinander sowie mit R\u00e4umen und Material, sind die W\u00fcnsche f\u00fcr die Teilnehmerinnen und Teilnehmer und die Durchf\u00fchrenden. <\/span><\/span><\/span><\/p>\n<p style=\"margin-bottom: 0cm; text-decoration: none;\">\u00a0<span style=\"color: #000000;\"><span style=\"font-family: Helvetica,sans-serif;\"><span style=\"font-size: small;\">Der Veranstaltungsort ist ebenerdig und z.B. f\u00fcr Rollstuhlfahrer geeignet, es gibt allerdings keine behindertengerechte Toilette, aber der Waschraum ist gro\u00dfz\u00fcgig gestaltet.<\/span><\/span><\/span><\/p>\n<p style=\"margin-bottom: 0cm; text-decoration: none;\"><span style=\"color: #000000;\"><span style=\"font-family: Helvetica,sans-serif;\"><span style=\"font-size: medium;\"><b>Beschreibung der aktiven Elemente\/Aktionen f\u00fcr die Sch\u00fclerInnen im Angebot:<\/b><\/span><\/span><\/span><\/p>\n<p style=\"margin-bottom: 0cm; font-weight: normal; text-decoration: none;\"><span style=\"color: #000000;\"><span style=\"font-family: Helvetica,sans-serif;\"><span style=\"font-size: medium;\">Gruppenaufteilung erfolgt nach dem Zufallsprinzip.<\/span><\/span><\/span><\/p>\n<p>&nbsp;<\/p>\n<p style=\"margin-bottom: 0cm; text-decoration: none;\"><span style=\"color: #000000;\"><span style=\"font-family: Helvetica,sans-serif;\"><span style=\"font-size: medium;\">Teil 1: <b>Graffiti<\/b> Woher kommt das? Wie geht das? <\/span><\/span><\/span><\/p>\n<p style=\"margin-bottom: 0cm; text-decoration: none;\"><span style=\"color: #000000;\"><span style=\"font-family: Helvetica,sans-serif;\"><span style=\"font-size: medium;\"> Filme gucken, diskutieren und vor allem Graffiti-Schablonen entwerfen und schneiden<\/span><\/span><\/span><\/p>\n<p>&nbsp;<\/p>\n<p style=\"margin-bottom: 0cm; text-decoration: none;\"><span style=\"color: #000000;\"><span style=\"font-family: Helvetica,sans-serif;\"><span style=\"font-size: medium;\">Teil 2: <b>Drucken<\/b> Graffiti-Drucktechnik lernen und gleich anwenden. Entweder auf mitgebrachten T-Shirts oder Baumwolltaschen von uns. <\/span><\/span><\/span><\/p>\n<p>&nbsp;<\/p>\n<p style=\"margin-bottom: 0cm; text-decoration: none;\"><span style=\"color: #000000;\"><span style=\"font-family: Helvetica,sans-serif;\"><span style=\"font-size: medium;\"> Kreativ werden, gestalten, skizzieren, designen und ein <\/span><\/span><\/span><\/p>\n<p style=\"margin-bottom: 0cm; text-decoration: none;\"><span style=\"color: #000000;\"><span style=\"font-family: Helvetica,sans-serif;\"><span style=\"font-size: medium;\"> \u00dcberraschungs-Klassenraum-Kunstwerk als Team drucken.<\/span><\/span><\/span><\/p>\n<p style=\"margin-bottom: 0cm; text-decoration: none;\"><span style=\"color: #000000;\"><span style=\"font-family: Helvetica,sans-serif;\"><span style=\"font-size: medium;\">Teil 3: <b>Kochen<\/b> Ausprobieren, schneiden, hacken, sch\u00e4len, r\u00fchren, stampfen, abschmecken, Spa\u00df haben. Muffins backen, kreative Snacks herstellen, Mittagessen mit Nachtisch zaubern. <\/span><\/span><\/span><\/p>\n<p>&nbsp;<\/p>\n<p style=\"margin-bottom: 0cm; text-decoration: none;\"><span style=\"color: #000000;\"><span style=\"font-family: Helvetica,sans-serif;\"><span style=\"font-size: medium;\"> Alles mit Biolebensmitteln und vegetarisch.<\/span><\/span><\/span><\/p>\n<ul>\n<li>\n<p style=\"margin-bottom: 0cm; text-decoration: none;\"><span style=\"color: #000000;\"><span style=\"font-family: Helvetica,sans-serif;\"><span style=\"font-size: medium;\">Nach jedem Teil gibt es eine ca. 15 min. <b>Pause<\/b>. Dann gibt es selbst gemachte Snacks und Mineralwasser sowieso und die TeilnehmerInnen gehen bei gutem Wetter raus auf den Hof, begleitet von einer Lehrkraft.<\/span><\/span><\/span><\/p>\n<\/li>\n<li>\n<p style=\"margin-bottom: 0cm; text-decoration: none;\"><span style=\"color: #000000;\"><span style=\"font-family: Helvetica,sans-serif;\"><span style=\"font-size: medium;\">Um ca. 13 Uhr gibt es ein gemeinsames <b>Mittagessen<\/b>, alles frisch und selbst gekocht.<\/span><\/span><\/span><\/p>\n<\/li>\n<\/ul>\n<ul>\n<li>\n<p style=\"margin-bottom: 0cm; text-decoration: none;\"><span style=\"color: #000000;\"><span style=\"font-family: Helvetica,sans-serif;\"><span style=\"font-size: medium;\"><b>Gemeinsames<\/b> aufr\u00e4umen, abwaschen, Tisch decken ist selbstverst\u00e4ndlich. <\/span><\/span><\/span><\/p>\n<p style=\"margin-bottom: 0cm;\">Benutztes Material wird sorgf\u00e4ltig ges\u00e4ubert und aufger\u00e4umt f\u00fcr die n\u00e4chste Gruppe hinterlassen.<\/p>\n<\/li>\n<\/ul>\n<p style=\"margin-bottom: 0cm; text-decoration: none;\" align=\"CENTER\"><span style=\"color: #000000;\"><span style=\"font-family: Helvetica,sans-serif;\"><span style=\"font-size: medium;\"><b>Schablonen, Taschen, Bilder, Skizzen, Klassenraum-Kunstwerk&#8230; <\/b><\/span><\/span><\/span><\/p>\n<p style=\"margin-bottom: 0cm; text-decoration: none;\" align=\"CENTER\"><span style=\"color: #000000;\"><span style=\"font-family: Helvetica,sans-serif;\"><span style=\"font-size: medium;\"><b>alles zum Mitnehmen nat\u00fcrlich!<\/b><\/span><\/span><\/span><\/p>\n<p><\/p>","protected":false},"excerpt":{"rendered":"<p>Sorry, this entry is only available in German. GREEN GRAFFITI ART at WORK in Kooperation mit freiraum237 \u2013 KWT [&hellip;]<a href=\"https:\/\/art-at-work.org\/en\/green-graffiti-kulturrucksack-2014\/\"><br \/>&raquo; mehr lesen&#8230;<\/a><\/p>\n","protected":false},"author":2,"featured_media":984,"comment_status":"open","ping_status":"open","sticky":false,"template":"","format":"standard","meta":[],"categories":[1],"tags":[],"_links":{"self":[{"href":"https:\/\/art-at-work.org\/en\/wp-json\/wp\/v2\/posts\/983"}],"collection":[{"href":"https:\/\/art-at-work.org\/en\/wp-json\/wp\/v2\/posts"}],"about":[{"href":"https:\/\/art-at-work.org\/en\/wp-json\/wp\/v2\/types\/post"}],"author":[{"embeddable":true,"href":"https:\/\/art-at-work.org\/en\/wp-json\/wp\/v2\/users\/2"}],"replies":[{"embeddable":true,"href":"https:\/\/art-at-work.org\/en\/wp-json\/wp\/v2\/comments?post=983"}],"version-history":[{"count":8,"href":"https:\/\/art-at-work.org\/en\/wp-json\/wp\/v2\/posts\/983\/revisions"}],"predecessor-version":[{"id":996,"href":"https:\/\/art-at-work.org\/en\/wp-json\/wp\/v2\/posts\/983\/revisions\/996"}],"wp:featuredmedia":[{"embeddable":true,"href":"https:\/\/art-at-work.org\/en\/wp-json\/wp\/v2\/media\/984"}],"wp:attachment":[{"href":"https:\/\/art-at-work.org\/en\/wp-json\/wp\/v2\/media?parent=983"}],"wp:term":[{"taxonomy":"category","embeddable":true,"href":"https:\/\/art-at-work.org\/en\/wp-json\/wp\/v2\/categories?post=983"},{"taxonomy":"post_tag","embeddable":true,"href":"https:\/\/art-at-work.org\/en\/wp-json\/wp\/v2\/tags?post=983"}],"curies":[{"name":"wp","href":"https:\/\/api.w.org\/{rel}","templated":true}]}}