{"id":2137,"date":"2016-09-14T17:28:08","date_gmt":"2016-09-14T15:28:08","guid":{"rendered":"http:\/\/art-at-work.org\/?p=2137"},"modified":"2016-09-16T17:28:39","modified_gmt":"2016-09-16T15:28:39","slug":"fairtrade-fairtragen","status":"publish","type":"post","link":"https:\/\/art-at-work.org\/en\/fairtrade-fairtragen\/","title":{"rendered":"Fairtrade &#8211; Fairtragen"},"content":{"rendered":"<p class=\"qtranxs-available-languages-message qtranxs-available-languages-message-en\">Sorry, this entry is only available in <a href=\"https:\/\/art-at-work.org\/de\/wp-json\/wp\/v2\/posts\/2137\" class=\"qtranxs-available-language-link qtranxs-available-language-link-de\" title=\"Deutsch\">German<\/a>.<\/p><p>Toller Workshop in Neuss mit 42 trotz Hitze sehr motivierten Konfirmandinnen der Christuskirchengemeinde Neuss in Kooperation mit der Newi e.V., Neusser Eine Welt Initiative, mit der wunderbaren Gisela Welbers. Thema: Faire Klamotten. Toll erkl\u00e4rt mit eigenen W\u00fcnschen und Vostellungen und dann noch k\u00fcnstlerisch umgesetzt mit &#8220;Green Graffiti&#8221;.<\/p>","protected":false},"excerpt":{"rendered":"<p>Sorry, this entry is only available in German.Toller Workshop in Neuss mit 42 trotz Hitze sehr motivierten Konfirmandinnen der [&hellip;]<a href=\"https:\/\/art-at-work.org\/en\/fairtrade-fairtragen\/\"><br \/>&raquo; mehr lesen&#8230;<\/a><\/p>\n","protected":false},"author":2,"featured_media":2138,"comment_status":"open","ping_status":"open","sticky":false,"template":"","format":"standard","meta":[],"categories":[1],"tags":[],"_links":{"self":[{"href":"https:\/\/art-at-work.org\/en\/wp-json\/wp\/v2\/posts\/2137"}],"collection":[{"href":"https:\/\/art-at-work.org\/en\/wp-json\/wp\/v2\/posts"}],"about":[{"href":"https:\/\/art-at-work.org\/en\/wp-json\/wp\/v2\/types\/post"}],"author":[{"embeddable":true,"href":"https:\/\/art-at-work.org\/en\/wp-json\/wp\/v2\/users\/2"}],"replies":[{"embeddable":true,"href":"https:\/\/art-at-work.org\/en\/wp-json\/wp\/v2\/comments?post=2137"}],"version-history":[{"count":1,"href":"https:\/\/art-at-work.org\/en\/wp-json\/wp\/v2\/posts\/2137\/revisions"}],"predecessor-version":[{"id":2146,"href":"https:\/\/art-at-work.org\/en\/wp-json\/wp\/v2\/posts\/2137\/revisions\/2146"}],"wp:featuredmedia":[{"embeddable":true,"href":"https:\/\/art-at-work.org\/en\/wp-json\/wp\/v2\/media\/2138"}],"wp:attachment":[{"href":"https:\/\/art-at-work.org\/en\/wp-json\/wp\/v2\/media?parent=2137"}],"wp:term":[{"taxonomy":"category","embeddable":true,"href":"https:\/\/art-at-work.org\/en\/wp-json\/wp\/v2\/categories?post=2137"},{"taxonomy":"post_tag","embeddable":true,"href":"https:\/\/art-at-work.org\/en\/wp-json\/wp\/v2\/tags?post=2137"}],"curies":[{"name":"wp","href":"https:\/\/api.w.org\/{rel}","templated":true}]}}