{"id":2100,"date":"2016-08-29T16:47:00","date_gmt":"2016-08-29T14:47:00","guid":{"rendered":"http:\/\/art-at-work.org\/?p=2100"},"modified":"2016-08-29T16:47:00","modified_gmt":"2016-08-29T14:47:00","slug":"bielefeld-kann-fair-art-at-work-fordert-wuerde-fuer-alle","status":"publish","type":"post","link":"https:\/\/art-at-work.org\/en\/bielefeld-kann-fair-art-at-work-fordert-wuerde-fuer-alle\/","title":{"rendered":"Bielefeld kann FAIR &#8211; ART at WORK fordert &#8220;W\u00fcrde f\u00fcr Alle!&#8221;"},"content":{"rendered":"<p class=\"qtranxs-available-languages-message qtranxs-available-languages-message-en\">Sorry, this entry is only available in <a href=\"https:\/\/art-at-work.org\/de\/wp-json\/wp\/v2\/posts\/2100\" class=\"qtranxs-available-language-link qtranxs-available-language-link-de\" title=\"Deutsch\">German<\/a>.<\/p><p>Auf Einladung vom Eine-Welt-Netz NRW und dem Welthaus Bielefeld, haben wir mit Bielefelder B\u00fcrgerinnen und B\u00fcrgern am Samstag im Herzen der Stadt Gespr\u00e4che \u00fcber fairen Handel in Bielefeld gef\u00fchrt. Leider wusste die \u00fcberwiegende Mehrheit nicht, dass Bielefeld seit 2013 Fairtrade Town ist und w\u00fcnschte sich das pr\u00e4senter im Stadtbild und in den Gesch\u00e4ften. Gute Ideen konnten wir in unseren klappbaren Einkaufst\u00fcten sammeln. Es war eine sch\u00f6ne Abwechslung, die Regenschirme mal als Sonnenschutz zu benutzen und die gute Energie der Aktiven auf dem Jahnplatz, tr\u00f6stete ein wenig \u00fcber das geringe Interesse am fairen Handel &#8211; privat oder \u00f6ffentlich &#8211; hinweg. Noch bis Dienstag laufen Aktionen, Filme und mehr.<br \/>\nGreat action on Saturday in the heart of Bielefeld. ART at WORK asked for &#8220;Dignity for All&#8221; and talked to Bielefeld citizens about fair trade in their town. Unfortunately only a selected few knew about their home being a fairtrade town since 2013. No unfair public spending with our taxes is the motto. We managed to collect some good ideas in our fold-out shopping bags. It was nice to use the umbrellas as sun protection for once and the good energy of all the activists was a consolation for the public&#8217;s little interest in fair trade &#8211; private or public. More actions, movies and discussions until Tuesday.<\/p>","protected":false},"excerpt":{"rendered":"<p>Sorry, this entry is only available in German.Auf Einladung vom Eine-Welt-Netz NRW und dem Welthaus Bielefeld, haben wir mit [&hellip;]<a href=\"https:\/\/art-at-work.org\/en\/bielefeld-kann-fair-art-at-work-fordert-wuerde-fuer-alle\/\"><br \/>&raquo; mehr lesen&#8230;<\/a><\/p>\n","protected":false},"author":2,"featured_media":2101,"comment_status":"open","ping_status":"open","sticky":false,"template":"","format":"standard","meta":[],"categories":[1],"tags":[],"_links":{"self":[{"href":"https:\/\/art-at-work.org\/en\/wp-json\/wp\/v2\/posts\/2100"}],"collection":[{"href":"https:\/\/art-at-work.org\/en\/wp-json\/wp\/v2\/posts"}],"about":[{"href":"https:\/\/art-at-work.org\/en\/wp-json\/wp\/v2\/types\/post"}],"author":[{"embeddable":true,"href":"https:\/\/art-at-work.org\/en\/wp-json\/wp\/v2\/users\/2"}],"replies":[{"embeddable":true,"href":"https:\/\/art-at-work.org\/en\/wp-json\/wp\/v2\/comments?post=2100"}],"version-history":[{"count":1,"href":"https:\/\/art-at-work.org\/en\/wp-json\/wp\/v2\/posts\/2100\/revisions"}],"predecessor-version":[{"id":2111,"href":"https:\/\/art-at-work.org\/en\/wp-json\/wp\/v2\/posts\/2100\/revisions\/2111"}],"wp:featuredmedia":[{"embeddable":true,"href":"https:\/\/art-at-work.org\/en\/wp-json\/wp\/v2\/media\/2101"}],"wp:attachment":[{"href":"https:\/\/art-at-work.org\/en\/wp-json\/wp\/v2\/media?parent=2100"}],"wp:term":[{"taxonomy":"category","embeddable":true,"href":"https:\/\/art-at-work.org\/en\/wp-json\/wp\/v2\/categories?post=2100"},{"taxonomy":"post_tag","embeddable":true,"href":"https:\/\/art-at-work.org\/en\/wp-json\/wp\/v2\/tags?post=2100"}],"curies":[{"name":"wp","href":"https:\/\/api.w.org\/{rel}","templated":true}]}}